{"id":849,"date":"2020-03-17T12:04:13","date_gmt":"2020-03-17T12:04:13","guid":{"rendered":"https:\/\/punkturinn.akureyri.is\/?p=849"},"modified":"2020-03-17T12:04:13","modified_gmt":"2020-03-17T12:04:13","slug":"lokun-a-punktinum-vegna-covid-19","status":"publish","type":"post","link":"https:\/\/punkturinn.akureyri.is\/index.php\/2020\/03\/17\/lokun-a-punktinum-vegna-covid-19\/","title":{"rendered":"Lokun \u00e1 Punktinum vegna Covid\/19"},"content":{"rendered":"<p><em><strong>Vegna Covid -19 er Punkturinn loka\u00f0ur fyrir almenning \u00fear til anna\u00f0 ver\u00f0ur tilkynnt.<\/strong><\/em><\/p>\n<p><em><strong>Barnan\u00e1mskei\u00f0 ver\u00f0a \u00e1fram a\u00f0 \u00f6llu \u00f3breyttu<\/strong><\/em><\/p>\n<p><em><strong>Me\u00f0 kve\u00f0ju fr\u00e1 starfsm\u00f6nnum.<\/strong><\/em><\/p>\n","protected":false},"excerpt":{"rendered":"<p>Vegna Covid -19 er Punkturinn loka\u00f0ur fyrir almenning \u00fear til anna\u00f0 ver\u00f0ur tilkynnt. Barnan\u00e1mskei\u00f0 ver\u00f0a \u00e1fram a\u00f0 \u00f6llu \u00f3breyttu Me\u00f0 kve\u00f0ju fr\u00e1 starfsm\u00f6nnum.<\/p>\n","protected":false},"author":1,"featured_media":0,"comment_status":"closed","ping_status":"open","sticky":false,"template":"","format":"standard","meta":[],"categories":[1],"tags":[],"_links":{"self":[{"href":"https:\/\/punkturinn.akureyri.is\/index.php\/wp-json\/wp\/v2\/posts\/849"}],"collection":[{"href":"https:\/\/punkturinn.akureyri.is\/index.php\/wp-json\/wp\/v2\/posts"}],"about":[{"href":"https:\/\/punkturinn.akureyri.is\/index.php\/wp-json\/wp\/v2\/types\/post"}],"author":[{"embeddable":true,"href":"https:\/\/punkturinn.akureyri.is\/index.php\/wp-json\/wp\/v2\/users\/1"}],"replies":[{"embeddable":true,"href":"https:\/\/punkturinn.akureyri.is\/index.php\/wp-json\/wp\/v2\/comments?post=849"}],"version-history":[{"count":1,"href":"https:\/\/punkturinn.akureyri.is\/index.php\/wp-json\/wp\/v2\/posts\/849\/revisions"}],"predecessor-version":[{"id":850,"href":"https:\/\/punkturinn.akureyri.is\/index.php\/wp-json\/wp\/v2\/posts\/849\/revisions\/850"}],"wp:attachment":[{"href":"https:\/\/punkturinn.akureyri.is\/index.php\/wp-json\/wp\/v2\/media?parent=849"}],"wp:term":[{"taxonomy":"category","embeddable":true,"href":"https:\/\/punkturinn.akureyri.is\/index.php\/wp-json\/wp\/v2\/categories?post=849"},{"taxonomy":"post_tag","embeddable":true,"href":"https:\/\/punkturinn.akureyri.is\/index.php\/wp-json\/wp\/v2\/tags?post=849"}],"curies":[{"name":"wp","href":"https:\/\/api.w.org\/{rel}","templated":true}]}}