{"id":844,"date":"2020-03-09T08:47:55","date_gmt":"2020-03-09T08:47:55","guid":{"rendered":"https:\/\/punkturinn.akureyri.is\/?p=844"},"modified":"2020-03-09T08:47:55","modified_gmt":"2020-03-09T08:47:55","slug":"verkfalli-aflyst","status":"publish","type":"post","link":"https:\/\/punkturinn.akureyri.is\/index.php\/2020\/03\/09\/verkfalli-aflyst\/","title":{"rendered":"Verkfalli afl\u00fdst."},"content":{"rendered":"<p><span style=\"color: #800080;\">Verfalli sem fyrirhuga\u00f0 var dagana 9. og 10. mars hefur veri\u00f0 afl\u00fdst.<\/span><\/p>\n<p><span style=\"color: #800080;\">Punkturinn opnar klukkan 13. \u00ed dag m\u00e1nudag.<\/span><\/p>\n<div id='gallery-1' class='gallery galleryid-844 gallery-columns-3 gallery-size-thumbnail'><figure class='gallery-item'>\n\t\t\t<div class='gallery-icon landscape'>\n\t\t\t\t<a href='https:\/\/punkturinn.akureyri.is\/index.php\/2020\/03\/09\/verkfalli-aflyst\/working-people-drawing-7\/'><img width=\"150\" height=\"150\" src=\"https:\/\/punkturinn.akureyri.is\/wp-content\/uploads\/2020\/03\/working-people-drawing-7-150x150.png\" class=\"attachment-thumbnail size-thumbnail\" alt=\"\" loading=\"lazy\" \/><\/a>\n\t\t\t<\/div><\/figure>\n\t\t<\/div>\n\n<p>&nbsp;<\/p>\n","protected":false},"excerpt":{"rendered":"<p>Verfalli sem fyrirhuga\u00f0 var dagana 9. og 10. mars hefur veri\u00f0 afl\u00fdst. Punkturinn opnar klukkan 13. \u00ed dag m\u00e1nudag. &nbsp;<\/p>\n","protected":false},"author":1,"featured_media":0,"comment_status":"closed","ping_status":"open","sticky":false,"template":"","format":"standard","meta":[],"categories":[1],"tags":[],"_links":{"self":[{"href":"https:\/\/punkturinn.akureyri.is\/index.php\/wp-json\/wp\/v2\/posts\/844"}],"collection":[{"href":"https:\/\/punkturinn.akureyri.is\/index.php\/wp-json\/wp\/v2\/posts"}],"about":[{"href":"https:\/\/punkturinn.akureyri.is\/index.php\/wp-json\/wp\/v2\/types\/post"}],"author":[{"embeddable":true,"href":"https:\/\/punkturinn.akureyri.is\/index.php\/wp-json\/wp\/v2\/users\/1"}],"replies":[{"embeddable":true,"href":"https:\/\/punkturinn.akureyri.is\/index.php\/wp-json\/wp\/v2\/comments?post=844"}],"version-history":[{"count":1,"href":"https:\/\/punkturinn.akureyri.is\/index.php\/wp-json\/wp\/v2\/posts\/844\/revisions"}],"predecessor-version":[{"id":846,"href":"https:\/\/punkturinn.akureyri.is\/index.php\/wp-json\/wp\/v2\/posts\/844\/revisions\/846"}],"wp:attachment":[{"href":"https:\/\/punkturinn.akureyri.is\/index.php\/wp-json\/wp\/v2\/media?parent=844"}],"wp:term":[{"taxonomy":"category","embeddable":true,"href":"https:\/\/punkturinn.akureyri.is\/index.php\/wp-json\/wp\/v2\/categories?post=844"},{"taxonomy":"post_tag","embeddable":true,"href":"https:\/\/punkturinn.akureyri.is\/index.php\/wp-json\/wp\/v2\/tags?post=844"}],"curies":[{"name":"wp","href":"https:\/\/api.w.org\/{rel}","templated":true}]}}