{"id":842,"date":"2020-03-06T12:25:00","date_gmt":"2020-03-06T12:25:00","guid":{"rendered":"https:\/\/punkturinn.akureyri.is\/?p=842"},"modified":"2020-03-06T12:25:13","modified_gmt":"2020-03-06T12:25:13","slug":"verkfall","status":"publish","type":"post","link":"https:\/\/punkturinn.akureyri.is\/index.php\/2020\/03\/06\/verkfall\/","title":{"rendered":"Verkfall."},"content":{"rendered":"<p>Ef ekki semst n\u00fa um helgina \u00fe\u00e1 ver\u00f0ur loka\u00f0 hj\u00e1 okkur n\u00e6stkomandi m\u00e1nu og \u00feri\u00f0judag 9. og 10. mars. vegna verkfalls.<\/p>\n","protected":false},"excerpt":{"rendered":"<p>Ef ekki semst n\u00fa um helgina \u00fe\u00e1 ver\u00f0ur loka\u00f0 hj\u00e1 okkur n\u00e6stkomandi m\u00e1nu og \u00feri\u00f0judag 9. og 10. mars. vegna verkfalls.<\/p>\n","protected":false},"author":1,"featured_media":0,"comment_status":"closed","ping_status":"open","sticky":false,"template":"","format":"standard","meta":[],"categories":[1],"tags":[],"_links":{"self":[{"href":"https:\/\/punkturinn.akureyri.is\/index.php\/wp-json\/wp\/v2\/posts\/842"}],"collection":[{"href":"https:\/\/punkturinn.akureyri.is\/index.php\/wp-json\/wp\/v2\/posts"}],"about":[{"href":"https:\/\/punkturinn.akureyri.is\/index.php\/wp-json\/wp\/v2\/types\/post"}],"author":[{"embeddable":true,"href":"https:\/\/punkturinn.akureyri.is\/index.php\/wp-json\/wp\/v2\/users\/1"}],"replies":[{"embeddable":true,"href":"https:\/\/punkturinn.akureyri.is\/index.php\/wp-json\/wp\/v2\/comments?post=842"}],"version-history":[{"count":1,"href":"https:\/\/punkturinn.akureyri.is\/index.php\/wp-json\/wp\/v2\/posts\/842\/revisions"}],"predecessor-version":[{"id":843,"href":"https:\/\/punkturinn.akureyri.is\/index.php\/wp-json\/wp\/v2\/posts\/842\/revisions\/843"}],"wp:attachment":[{"href":"https:\/\/punkturinn.akureyri.is\/index.php\/wp-json\/wp\/v2\/media?parent=842"}],"wp:term":[{"taxonomy":"category","embeddable":true,"href":"https:\/\/punkturinn.akureyri.is\/index.php\/wp-json\/wp\/v2\/categories?post=842"},{"taxonomy":"post_tag","embeddable":true,"href":"https:\/\/punkturinn.akureyri.is\/index.php\/wp-json\/wp\/v2\/tags?post=842"}],"curies":[{"name":"wp","href":"https:\/\/api.w.org\/{rel}","templated":true}]}}