{"id":792,"date":"2019-10-16T14:01:27","date_gmt":"2019-10-16T14:01:27","guid":{"rendered":"https:\/\/punkturinn.akureyri.is\/?p=792"},"modified":"2019-10-16T14:01:27","modified_gmt":"2019-10-16T14:01:27","slug":"lokad-fimmtudaginn-17-okt","status":"publish","type":"post","link":"https:\/\/punkturinn.akureyri.is\/index.php\/2019\/10\/16\/lokad-fimmtudaginn-17-okt\/","title":{"rendered":"LOKA\u00d0 FIMMTUDAGINN 17.OKT."},"content":{"rendered":"<p style=\"text-align: left;\">Punkturinn er loka\u00f0ur \u00e1 morgun fimmtudaginn 17. okt\u00f3ber vegna starfsdags starfsf\u00f3lks t\u00f3mstundam\u00e1la.<\/p>\n<div id='gallery-1' class='gallery galleryid-792 gallery-columns-1 gallery-size-thumbnail'><figure class='gallery-item'>\n\t\t\t<div class='gallery-icon landscape'>\n\t\t\t\t<a href='https:\/\/punkturinn.akureyri.is\/index.php\/2019\/10\/16\/lokad-fimmtudaginn-17-okt\/endur-mynd4\/'><img width=\"150\" height=\"150\" src=\"https:\/\/punkturinn.akureyri.is\/wp-content\/uploads\/2019\/10\/endur-mynd4-150x150.png\" class=\"attachment-thumbnail size-thumbnail\" alt=\"\" loading=\"lazy\" \/><\/a>\n\t\t\t<\/div><\/figure>\n\t\t<\/div>\n\n<p style=\"text-align: center;\">\nSj\u00e1umst hress \u00e1 f\u00f6studag.<\/p>\n","protected":false},"excerpt":{"rendered":"<p>Punkturinn er loka\u00f0ur \u00e1 morgun fimmtudaginn 17. okt\u00f3ber vegna starfsdags starfsf\u00f3lks t\u00f3mstundam\u00e1la. Sj\u00e1umst hress \u00e1 f\u00f6studag.<\/p>\n","protected":false},"author":1,"featured_media":0,"comment_status":"closed","ping_status":"open","sticky":false,"template":"","format":"standard","meta":[],"categories":[1],"tags":[],"_links":{"self":[{"href":"https:\/\/punkturinn.akureyri.is\/index.php\/wp-json\/wp\/v2\/posts\/792"}],"collection":[{"href":"https:\/\/punkturinn.akureyri.is\/index.php\/wp-json\/wp\/v2\/posts"}],"about":[{"href":"https:\/\/punkturinn.akureyri.is\/index.php\/wp-json\/wp\/v2\/types\/post"}],"author":[{"embeddable":true,"href":"https:\/\/punkturinn.akureyri.is\/index.php\/wp-json\/wp\/v2\/users\/1"}],"replies":[{"embeddable":true,"href":"https:\/\/punkturinn.akureyri.is\/index.php\/wp-json\/wp\/v2\/comments?post=792"}],"version-history":[{"count":1,"href":"https:\/\/punkturinn.akureyri.is\/index.php\/wp-json\/wp\/v2\/posts\/792\/revisions"}],"predecessor-version":[{"id":794,"href":"https:\/\/punkturinn.akureyri.is\/index.php\/wp-json\/wp\/v2\/posts\/792\/revisions\/794"}],"wp:attachment":[{"href":"https:\/\/punkturinn.akureyri.is\/index.php\/wp-json\/wp\/v2\/media?parent=792"}],"wp:term":[{"taxonomy":"category","embeddable":true,"href":"https:\/\/punkturinn.akureyri.is\/index.php\/wp-json\/wp\/v2\/categories?post=792"},{"taxonomy":"post_tag","embeddable":true,"href":"https:\/\/punkturinn.akureyri.is\/index.php\/wp-json\/wp\/v2\/tags?post=792"}],"curies":[{"name":"wp","href":"https:\/\/api.w.org\/{rel}","templated":true}]}}