{"id":728,"date":"2019-09-16T10:52:21","date_gmt":"2019-09-16T10:52:21","guid":{"rendered":"https:\/\/punkturinn.akureyri.is\/?p=728"},"modified":"2019-09-23T14:08:27","modified_gmt":"2019-09-23T14:08:27","slug":"haust-steypa","status":"publish","type":"post","link":"https:\/\/punkturinn.akureyri.is\/index.php\/2019\/09\/16\/haust-steypa\/","title":{"rendered":"Haust &#8211; steypa."},"content":{"rendered":"<div id=\"id_5d7f67048c6170685988798\" class=\"text_exposed_root text_exposed\">\n<p>Hvernig v\u00e6ri a\u00f0 byrja hausti\u00f0 \u00e1 a\u00f0 fara \u00e1 skemmtilegt steypu &#8211; n\u00e1mskei\u00f0.<\/p>\n<p>Hauststeypa 19. og 26. september kl. 18:00 til 20:00<br \/>\n\u00c1 \u00feessu n\u00e1mskei\u00f0i \u00e6tlum vi\u00f0 a\u00f0 leika okkur a\u00f0eins me\u00f0 hin fagurlitu haustlauf sem eru allt \u00ed kring um okkur, gera sk\u00e1lar, platta og bara \u00fea\u00f0 sem okkur dettur \u00ed hug. N\u00e1mskei\u00f0i\u00f0 kostar kr. 8.000 og er allt efni innifali\u00f0<\/p>\n<p>AUKAN\u00c1MSKEI\u00d0: 27.sept og 4.okt kl.10:00-12:00<\/p>\n<div class=\"text_exposed_show\">\n<p>Lei\u00f0beinendur eru Gu\u00f0r\u00fan og Krist\u00edn<br \/>\nSkr\u00e1ning \u00e1 <a href=\"https:\/\/rosenborg.felog.is\/?fbclid=IwAR2Rroc9forpzyMQbkIA-ruTr1CI9u1g7T1ZJ_OODEpbOVqZY6QGeftBz0Q\" target=\"_blank\" rel=\"nofollow noopener\" data-ft=\"{&quot;tn&quot;:&quot;-U&quot;}\" data-lynx-mode=\"hover\" data-lynx-uri=\"https:\/\/l.facebook.com\/l.php?u=https%3A%2F%2Frosenborg.felog.is%2F%3Ffbclid%3DIwAR2Rroc9forpzyMQbkIA-ruTr1CI9u1g7T1ZJ_OODEpbOVqZY6QGeftBz0Q&amp;h=AT0HJQrV0qdMMyQ37WW6Q5ivFuVNDK5CMlHJflsHeY_C9AGsGNETX-RH_Ff9InrGck553qT-zJpsd0DejMEvVRHnVrIzjedF7MKHzzhs3M4ApF3ANbiUuCR9tmlZSCqUmhMFACIJKt3u6N3ZUJI-TduaBp8ZTqeQ_kxcfZVms1D1ysbcBM9uBjJZyyRIC8y9DMu-9KHkGiwF0X961b2SOb1ntAzo2FQCelZzBFbMdxIxbIZfkKnON1-xkR5kOsJruxvTxrmZnIBn4jrVJfyp5bRWRlCfv8OwIB4QMFd-w6eKVMsI9kbygdpwZ8I7WruRHQemBpqCsQE7w8gFUsX6BzDE_sjJFou_aD1afvmb8RVWV4eFfKh5wV1C2wDGWdnXUdgRf0WUaJ_JJErqx3lOSsgwlssrafO6zRdKo6oS7ArWtoKJikR7cNCaDOxMdaoJw-MA3AdS4kS-BWVuQfo5difVvaPqY7qqnOLQWiA40j7gwExKB9K0eS4HTQ9P8ji1PH207_SiRF3bJ9m2hGA8psz5qYoXVGAjsSf9ADPiKTmI3BIlh6JtbJM4qb_D4QcMXJ0bqda0qy7YvbEOkCg_nA0Vfl3r9jVKOplUNMrD3c_d3OUIKcefVPJLdbCEtcDSTS8YA9PLGABh6D9ba58\">https:\/\/rosenborg.felog.is\/<\/a><a href=\"https:\/\/punkturinn.akureyri.is\/wp-content\/uploads\/2019\/09\/haust.jpg\"><img loading=\"lazy\" class=\"aligncenter size-full wp-image-732\" src=\"https:\/\/punkturinn.akureyri.is\/wp-content\/uploads\/2019\/09\/haust.jpg\" alt=\"\" width=\"2882\" height=\"2818\" srcset=\"https:\/\/punkturinn.akureyri.is\/wp-content\/uploads\/2019\/09\/haust.jpg 2882w, https:\/\/punkturinn.akureyri.is\/wp-content\/uploads\/2019\/09\/haust-300x293.jpg 300w, https:\/\/punkturinn.akureyri.is\/wp-content\/uploads\/2019\/09\/haust-768x751.jpg 768w, https:\/\/punkturinn.akureyri.is\/wp-content\/uploads\/2019\/09\/haust-1024x1001.jpg 1024w, https:\/\/punkturinn.akureyri.is\/wp-content\/uploads\/2019\/09\/haust-307x300.jpg 307w\" sizes=\"(max-width: 2882px) 100vw, 2882px\" \/><\/a><a href=\"https:\/\/punkturinn.akureyri.is\/wp-content\/uploads\/2019\/09\/haust-uppstylling-1.jpg\"><img loading=\"lazy\" class=\"aligncenter size-full wp-image-731\" src=\"https:\/\/punkturinn.akureyri.is\/wp-content\/uploads\/2019\/09\/haust-uppstylling-1.jpg\" alt=\"\" width=\"2572\" height=\"4031\" srcset=\"https:\/\/punkturinn.akureyri.is\/wp-content\/uploads\/2019\/09\/haust-uppstylling-1.jpg 2572w, https:\/\/punkturinn.akureyri.is\/wp-content\/uploads\/2019\/09\/haust-uppstylling-1-191x300.jpg 191w, https:\/\/punkturinn.akureyri.is\/wp-content\/uploads\/2019\/09\/haust-uppstylling-1-768x1204.jpg 768w, https:\/\/punkturinn.akureyri.is\/wp-content\/uploads\/2019\/09\/haust-uppstylling-1-653x1024.jpg 653w\" sizes=\"(max-width: 2572px) 100vw, 2572px\" \/><\/a><a href=\"https:\/\/punkturinn.akureyri.is\/wp-content\/uploads\/2019\/09\/IMG_1934.jpg\"><img loading=\"lazy\" class=\"aligncenter size-full wp-image-733\" src=\"https:\/\/punkturinn.akureyri.is\/wp-content\/uploads\/2019\/09\/IMG_1934.jpg\" alt=\"\" width=\"2292\" height=\"3057\" srcset=\"https:\/\/punkturinn.akureyri.is\/wp-content\/uploads\/2019\/09\/IMG_1934.jpg 2292w, https:\/\/punkturinn.akureyri.is\/wp-content\/uploads\/2019\/09\/IMG_1934-225x300.jpg 225w, https:\/\/punkturinn.akureyri.is\/wp-content\/uploads\/2019\/09\/IMG_1934-768x1024.jpg 768w\" sizes=\"(max-width: 2292px) 100vw, 2292px\" \/><\/a><a href=\"https:\/\/punkturinn.akureyri.is\/wp-content\/uploads\/2019\/09\/haust-platti.jpg\"><img loading=\"lazy\" class=\"aligncenter size-full wp-image-729\" src=\"https:\/\/punkturinn.akureyri.is\/wp-content\/uploads\/2019\/09\/haust-platti.jpg\" alt=\"\" width=\"2908\" height=\"3018\" srcset=\"https:\/\/punkturinn.akureyri.is\/wp-content\/uploads\/2019\/09\/haust-platti.jpg 2908w, https:\/\/punkturinn.akureyri.is\/wp-content\/uploads\/2019\/09\/haust-platti-289x300.jpg 289w, https:\/\/punkturinn.akureyri.is\/wp-content\/uploads\/2019\/09\/haust-platti-768x797.jpg 768w, https:\/\/punkturinn.akureyri.is\/wp-content\/uploads\/2019\/09\/haust-platti-987x1024.jpg 987w\" sizes=\"(max-width: 2908px) 100vw, 2908px\" \/><\/a><\/p>\n<\/div>\n<\/div>\n","protected":false},"excerpt":{"rendered":"<p>Hvernig v\u00e6ri a\u00f0 byrja hausti\u00f0 \u00e1 a\u00f0 fara \u00e1 skemmtilegt steypu &#8211; n\u00e1mskei\u00f0. Hauststeypa 19. og 26. september kl. 18:00 til 20:00 \u00c1 \u00feessu n\u00e1mskei\u00f0i \u00e6tlum vi\u00f0 a\u00f0 leika okkur a\u00f0eins me\u00f0 hin fagurlitu haustlauf sem eru allt \u00ed kring um okkur, gera sk\u00e1lar, platta og bara \u00fea\u00f0 sem okkur dettur \u00ed hug. N\u00e1mskei\u00f0i\u00f0 kostar &hellip; <a href=\"https:\/\/punkturinn.akureyri.is\/index.php\/2019\/09\/16\/haust-steypa\/\" class=\"more-link\">Halda \u00e1fram a\u00f0 lesa: <span class=\"screen-reader-text\">Haust &#8211; steypa.<\/span><\/a><\/p>\n","protected":false},"author":1,"featured_media":0,"comment_status":"closed","ping_status":"open","sticky":false,"template":"","format":"standard","meta":[],"categories":[1],"tags":[],"_links":{"self":[{"href":"https:\/\/punkturinn.akureyri.is\/index.php\/wp-json\/wp\/v2\/posts\/728"}],"collection":[{"href":"https:\/\/punkturinn.akureyri.is\/index.php\/wp-json\/wp\/v2\/posts"}],"about":[{"href":"https:\/\/punkturinn.akureyri.is\/index.php\/wp-json\/wp\/v2\/types\/post"}],"author":[{"embeddable":true,"href":"https:\/\/punkturinn.akureyri.is\/index.php\/wp-json\/wp\/v2\/users\/1"}],"replies":[{"embeddable":true,"href":"https:\/\/punkturinn.akureyri.is\/index.php\/wp-json\/wp\/v2\/comments?post=728"}],"version-history":[{"count":4,"href":"https:\/\/punkturinn.akureyri.is\/index.php\/wp-json\/wp\/v2\/posts\/728\/revisions"}],"predecessor-version":[{"id":745,"href":"https:\/\/punkturinn.akureyri.is\/index.php\/wp-json\/wp\/v2\/posts\/728\/revisions\/745"}],"wp:attachment":[{"href":"https:\/\/punkturinn.akureyri.is\/index.php\/wp-json\/wp\/v2\/media?parent=728"}],"wp:term":[{"taxonomy":"category","embeddable":true,"href":"https:\/\/punkturinn.akureyri.is\/index.php\/wp-json\/wp\/v2\/categories?post=728"},{"taxonomy":"post_tag","embeddable":true,"href":"https:\/\/punkturinn.akureyri.is\/index.php\/wp-json\/wp\/v2\/tags?post=728"}],"curies":[{"name":"wp","href":"https:\/\/api.w.org\/{rel}","templated":true}]}}