{"id":624,"date":"2019-01-14T14:16:01","date_gmt":"2019-01-14T14:16:01","guid":{"rendered":"https:\/\/punkturinn.akureyri.is\/?p=624"},"modified":"2019-02-05T14:19:48","modified_gmt":"2019-02-05T14:19:48","slug":"vornamskeid-2019","status":"publish","type":"post","link":"https:\/\/punkturinn.akureyri.is\/index.php\/2019\/01\/14\/vornamskeid-2019\/","title":{"rendered":"Vorn\u00e1mskei\u00f0 2019."},"content":{"rendered":"<p>&nbsp;<\/p>\n<p style=\"text-align: center;\"><span style=\"color: #800080;\">Vor n\u00e1mskei\u00f0 2019.<\/span><\/p>\n<p style=\"text-align: center;\"><span style=\"color: #800080;\">Skr\u00e1ning \u00e1 n\u00e1mskei\u00f0in eru https:\/\/rosenborg.felog.is\/<\/span><\/p>\n<p>&nbsp;<\/p>\n<p>&nbsp;<\/p>\n<p><span style=\"color: #666699;\"><u>\u00deekkir \u00fe\u00fa muninn \u00e1 sp\u00fdtu og kubb.<\/u>\u00a0\u00a0\u00a0\u00a0\u00a0\u00a0\u00a0\u00a0\u00a0\u00a0\u00a0\u00a0\u00a0\u00a0\u00a0\u00a0\u00a0\u00a0\u00a0\u00a0\u00a0\u00a0\u00a0\u00a0\u00a0\u00a0 N\u00ddTT.<\/span><\/p>\n<p><span style=\"color: #666699;\">J\u00f3hann mun fr\u00e6\u00f0a okkur um nytjavi\u00f0 \u00far \u00edslenskri n\u00e1tt\u00faru, \u00fe\u00e6r vi\u00f0artegundir sem h\u00e6gt er a\u00f0 kaupa h\u00e9r \u00e1\u00a0\u00cdslandi, einnig kemur hann me\u00f0 s\u00fdnishorn af f\u00e1g\u00e6tum har\u00f0vi\u00f0artegundum \u00far einkasafni s\u00ednu.<\/span><\/p>\n<p><span style=\"color: #666699;\"><strong>\u00deetta n\u00e1mskei\u00f0 er tilvali\u00f0 fyrir hvern \u00feann sem vinnur me\u00f0 timbur hvort sem \u00fea\u00f0 er \u00ed leik e\u00f0a starfi.<\/strong><\/span><\/p>\n<p><span style=\"color: #666699;\">Kennari : J\u00f3hann Sigurj\u00f3nsson<\/span><\/p>\n<p><span style=\"color: #666699;\">T\u00edmi : 7 febr\u00faar kl. 19-22.<\/span><\/p>\n<p><span style=\"color: #666699;\">Ver\u00f0 : 4.900,-<\/span><\/p>\n<p>&nbsp;<\/p>\n<p><span style=\"color: #008080;\"><u>M\u00far &#8211; Sto-signature. \u00a0\u00a0\u00a0\u00a0\u00a0\u00a0\u00a0\u00a0\u00a0\u00a0\u00a0 \u00a0<\/u>N\u00ddTT<\/span><\/p>\n<p><span style=\"color: #008080;\">Leiki\u00f0 me\u00f0 \u00e1fer\u00f0.<\/span><\/p>\n<p><span style=\"color: #008080;\">\u00de\u00fa getur m\u00fara\u00f0 allt milli himins og jar\u00f0ar \u2026. bor\u00f0pl\u00f6tuna \u00ed eldh\u00fasinu, sk\u00e1pa, hillur, gamla leirvasann, snyrtibor\u00f0i\u00f0 e\u00f0a bara \u00fea\u00f0 sem \u00fe\u00e9r dettur \u00ed hug.<\/span><\/p>\n<p><span style=\"color: #008080;\">\u00datkoman er \u00f3tr\u00falega smart \u2026 hr\u00e1 \u2026gr\u00e1 og geggja\u00f0 smart.<\/span><\/p>\n<p><span style=\"color: #008080;\">Kennari : Gu\u00f0laugur H\u00f3lm Gu\u00f0mundsson.<\/span><\/p>\n<p><span style=\"color: #008080;\">Ver\u00f0 og t\u00edmi augl\u00fdst s\u00ed\u00f0ar en t\u00f6kum vi\u00f0 skr\u00e1ningu strax \u00ed gegnum facebook &#8211; Punkturinn R\u00f3senborg e\u00f0a me\u00f0 t\u00f6lvup\u00f3st \u00e1 <u>punkturinn@akureyri.is<\/u>\u00a0<\/span><\/p>\n<p>&nbsp;<\/p>\n<p><u>\u00a0<\/u><\/p>\n<p>&nbsp;<\/p>\n<p><span style=\"color: #666699;\"><u>T\u00e1lgun\/ \u00datskur\u00f0ur.<\/u><\/span><\/p>\n<p><span style=\"color: #666699;\">Fyrir byrjendur og lengra komna.<\/span><\/p>\n<p><span style=\"color: #666699;\">F\u00edg\u00farur og fuglar.<\/span><\/p>\n<p><span style=\"color: #666699;\">Kennari : \u00d3lafur Sveinsson.<\/span><\/p>\n<p><span style=\"color: #666699;\">T\u00edmi: 6.8.13 og 15. mai kl. 18:30- 20:00.<\/span><\/p>\n<p><span style=\"color: #666699;\">Ver\u00f0 : 18.000,-<\/span><\/p>\n<p>&nbsp;<\/p>\n<p><span style=\"color: #ff00ff;\"><u>Mandala \u00e1 striga<\/u> \u2026d\u00e1samlegt myndverk.\u00a0\u00a0\u00a0\u00a0\u00a0\u00a0\u00a0\u00a0\u00a0\u00a0\u00a0\u00a0\u00a0\u00a0 N\u00ddTT<\/span><\/p>\n<p><span style=\"color: #ff00ff;\">\u00deetta er svo fallegt \u2026.<\/span><\/p>\n<p><span style=\"color: #ff00ff;\">Kennari : R\u00f3sa Matth\u00edasd\u00f3ttir Henriksen<\/span><\/p>\n<p><span style=\"color: #ff00ff;\">T\u00edmi : 31 jan og 7. febr\u00faar kl. 18 &#8211; 21.<\/span><\/p>\n<p><span style=\"color: #ff00ff;\">Ver\u00f0 9.500,-<\/span><\/p>\n<p>&nbsp;<\/p>\n<p>&nbsp;<\/p>\n<p><span style=\"color: #0000ff;\"><u>Rennibekkur.<\/u><\/span><\/p>\n<p><span style=\"color: #0000ff;\">\u00c1 \u00feessu n\u00e1mskei\u00f0i ver\u00f0a kennd undirst\u00f6\u00f0uatri\u00f0i tr\u00e9rennslis.<\/span><\/p>\n<p><span style=\"color: #0000ff;\">Kennari : \u00deorleifur J\u00f3hannsson<\/span><\/p>\n<p><span style=\"color: #0000ff;\">T\u00edmi: 14. og 21. febr\u00faar kl. 20 &#8211; 21:30<\/span><\/p>\n<p><span style=\"color: #0000ff;\">T\u00edmi : 21. og 28. mars kl. 20 &#8211; 21:30<\/span><\/p>\n<p><span style=\"color: #0000ff;\">Ver\u00f0 : 14.000,-<\/span><\/p>\n<p>&nbsp;<\/p>\n<p><span style=\"color: #800000;\"><u>Handlitun \u00e1 garni.<\/u><\/span><\/p>\n<p><span style=\"color: #800000;\">Viltu l\u00e6ra a\u00f0 lita garni\u00f0 \u00feitt einlitt, marglitt e\u00f0a frekn\u00f3tt \u2026.<\/span><\/p>\n<p><span style=\"color: #800000;\">Fr\u00e6\u00f0andi og skemmtilegt n\u00e1mskei\u00f0 \u00fear sem lita\u00f0 er me\u00f0 s\u00fdrulitum ( acid dyes )<\/span><\/p>\n<p><span style=\"color: #800000;\">Efniskostna\u00f0ur innifalinn.<\/span><\/p>\n<p><span style=\"color: #800000;\">Kennari : Fanney Krist\u00edn V\u00e9steinsd\u00f3ttir.<\/span><\/p>\n<p><span style=\"color: #800000;\">T\u00edmi : 27 febr\u00faar kl. 9 &#8211; 12<\/span><\/p>\n<p><span style=\"color: #800000;\">T\u00edmi : 11 apr\u00edl kl. 18 &#8211; 21<\/span><\/p>\n<p><span style=\"color: #800000;\">Ver\u00f0: 8000,-<\/span><\/p>\n<p>&nbsp;<\/p>\n<p>&nbsp;<\/p>\n<p>&nbsp;<\/p>\n<p><span style=\"color: #008000;\"><u>Gr\u00f3\u00f0urkassi.<\/u><\/span><\/p>\n<p><span style=\"color: #008000;\">Vori\u00f0 n\u00e1lgast \u2026.<\/span><\/p>\n<p><span style=\"color: #008000;\">Gr\u00f3\u00f0urkassi fyrir k\u00e1li\u00f0, kryddjurtirnar, jar\u00f0arberin og anna\u00f0 lost\u00e6ti.<\/span><\/p>\n<p><span style=\"color: #008000;\">Kennari: Arnar Ingvason<\/span><\/p>\n<p><span style=\"color: #008000;\">T\u00edmi : 7. og 9. mai kl.17-19<\/span><\/p>\n<p><span style=\"color: #008000;\">Ver\u00f0 : 14.000,-<\/span><\/p>\n<p>&nbsp;<\/p>\n<p><span style=\"color: #cc99ff;\"><u>Draumafangari\u00a0\u00a0\u00a0\u00a0 <\/u> N\u00ddTT<\/span><\/p>\n<p><span style=\"color: #cc99ff;\">Fangar g\u00f3\u00f0u draumana okkar.<\/span><\/p>\n<p><span style=\"color: #cc99ff;\">Kennari : Hafd\u00eds Kristn\u00fd Haraldsd\u00f3ttir<\/span><\/p>\n<p><span style=\"color: #cc99ff;\">T\u00edmi : 14 og 21 mars kl 18 &#8211; 19:30<\/span><\/p>\n<p><span style=\"color: #cc99ff;\">Ver\u00f0 : 8.000,-<\/span><\/p>\n<p>&nbsp;<\/p>\n<p>&nbsp;<\/p>\n<p>&nbsp;<\/p>\n<p><span style=\"color: #808000;\"><u>Glerbr\u00e6\u00f0sla.<\/u><\/span><\/p>\n<p><span style=\"color: #808000;\">Fallegir nytjahlutir \u00far gleri \u2026.<\/span><\/p>\n<p><span style=\"color: #808000;\">Kennari : Halla Birgisd\u00f3ttir<\/span><\/p>\n<p><span style=\"color: #808000;\">T\u00edmi: 12. 15. 19 febr\u00faar kl. 10 &#8211; 12<\/span><\/p>\n<p><span style=\"color: #808000;\">T\u00edmi : 14. 21. 28 mars kl. 17 &#8211; 19.<\/span><\/p>\n<p><span style=\"color: #808000;\">Ver\u00f0: 17.000,-<\/span><\/p>\n<p><span style=\"color: #333300;\"><u>\u00a0<\/u><\/span><\/p>\n<p><span style=\"color: #333300;\"><u>\u00a0<\/u><\/span><\/p>\n<p><span style=\"color: #333300;\"><u>Leir fyrir byrjendur.<\/u><\/span><\/p>\n<p><span style=\"color: #333300;\">Fr\u00e1b\u00e6rt n\u00e1mskei\u00f0 fyrir \u00fe\u00e1 sem alltaf hefur dreymt um a\u00f0 leira \u2026.. n\u00fa er t\u00e6kif\u00e6ri\u00f0.<\/span><\/p>\n<p><span style=\"color: #333300;\">Kennari Gunnhildur Helgad\u00f3ttir<\/span><\/p>\n<p><span style=\"color: #333300;\">T\u00edmi : 25 jan 1. 8 og 15 febr\u00faar kl. 9:30 &#8211; 11:30.<\/span><\/p>\n<p><span style=\"color: #333300;\">T\u00edmi : 4. 6. 11. 13 febr\u00faar kl. 17 &#8211; 19<\/span><\/p>\n<p><span style=\"color: #333300;\">Ver\u00f0 25.000,-<\/span><\/p>\n<p>&nbsp;<\/p>\n<p>&nbsp;<\/p>\n<p>&nbsp;<\/p>\n<p><span style=\"color: #ff6600;\"><u>Steypa.<\/u><\/span><\/p>\n<p><span style=\"color: #ff6600;\">Kertastjakar, vasar, \u00fatiluktir og fleira skemmtilegt \u00far steypu.<\/span><\/p>\n<p><span style=\"color: #ff6600;\">Gu\u00f0r\u00fan og Krist\u00edn<\/span><\/p>\n<p><span style=\"color: #ff6600;\">T\u00edmi : 24. og 31 jan kl. 18 &#8211; 20<\/span><\/p>\n<p><span style=\"color: #ff6600;\">T\u00edmi: 15. og 22 feb kl. 10-12<\/span><\/p>\n<p><span style=\"color: #ff6600;\">T\u00edmi: 14. og 21 mars kl. 18 &#8211; 20<\/span><\/p>\n<p><span style=\"color: #ff6600;\">Ver\u00f0: 8.000,-<\/span><\/p>\n<p>&nbsp;<\/p>\n<p>&nbsp;<\/p>\n<p>&nbsp;<\/p>\n<p>&nbsp;<\/p>\n<p><span style=\"color: #808000;\"><u>Vor-Steypa.\u00a0\u00a0\u00a0 <\/u>N\u00ddTT<\/span><\/p>\n<p><span style=\"color: #808000;\">Steyptir ver\u00f0a fallegir hlutir \u00ed gar\u00f0inn\/pallinn.<\/span><\/p>\n<p><span style=\"color: #808000;\">Kennari : Gu\u00f0r\u00fan og Krist\u00edn<\/span><\/p>\n<p><span style=\"color: #808000;\">T\u00edmi : 16. og 23 mai kl.18 &#8211; 20<\/span><\/p>\n<p><span style=\"color: #808000;\">Ver\u00f0 8.000,-<\/span><\/p>\n<p>&nbsp;<\/p>\n<p><span style=\"color: #008000;\"><u>Sushi.<\/u><\/span><\/p>\n<p><span style=\"color: #008000;\">\u00deetta n\u00e1mskei\u00f0 kitlar brag\u00f0laukana.<\/span><\/p>\n<p><span style=\"color: #008000;\">Komdu me\u00f0 upp\u00e1halds hn\u00edfinn \u00feinn og l\u00e6r\u00f0u t\u00e6knina \u00ed skemmtilegum f\u00e9lagsskap.<\/span><\/p>\n<p><span style=\"color: #008000;\">Kennari : Viktor Gu\u00f0brandsson<\/span><\/p>\n<p><span style=\"color: #008000;\">T\u00edmi : 21 febr\u00faar kl 19 &#8211; 21.<\/span><\/p>\n<p><span style=\"color: #008000;\">T\u00edmi : 11 apr\u00edl kl 19 &#8211; 21.<\/span><\/p>\n<p><span style=\"color: #008000;\">Ver\u00f0 7.900,-<\/span><\/p>\n<p>&nbsp;<\/p>\n<p><span style=\"color: #800000;\"><u>H\u00fasgagnavi\u00f0ger\u00f0ir.<\/u><\/span><\/p>\n<p><span style=\"color: #800000;\">\u00c1 \u00feessu n\u00e1mskei\u00f0i gefst \u00fe\u00e9r t\u00e6kif\u00e6ri til a\u00f0 gera upp h\u00fasgagn undir handlei\u00f0slu kennara. ATH. Nemendur taki me\u00f0 s\u00e9r minni hlut eins og st\u00f3l e\u00f0a l\u00edti\u00f0 bor\u00f0.<\/span><\/p>\n<p><span style=\"color: #800000;\">Kennari Gu\u00f0r\u00fan Bj\u00f6rg Eyj\u00f3lfsd\u00f3ttir.<\/span><\/p>\n<p><span style=\"color: #800000;\">T\u00edmi : 8. 15. 22 mars kl. 10 &#8211; 12<\/span><\/p>\n<p><span style=\"color: #800000;\">T\u00edmi : 28 mars 4. og 11 apr\u00edl kl. 18 &#8211; 20 .<\/span><\/p>\n<p><span style=\"color: #800000;\">Ver\u00f0 18.000,-<\/span><\/p>\n<p>&nbsp;<\/p>\n<p><span style=\"color: #800080;\"><u>Hreind\u00fdrshorn &#8211; skeftun.\u00a0\u00a0 <\/u> N\u00ddTT<\/span><\/p>\n<p><span style=\"color: #800080;\">Unnin eru d\u00e1samlega falleg h\u00f6ld \u00far hreind\u00fdrshorni sem sett eru \u00e1 ostahn\u00edfa, tertuspa\u00f0a, sallat\u00e1h\u00f6ld e\u00f0a anna\u00f0.<\/span><\/p>\n<p><span style=\"color: #800080;\">Innifali\u00f0 er allt efni \u00ed einn hlut.<\/span><\/p>\n<p><span style=\"color: #800080;\">Kennari : S\u00fasanna Kristinnsd\u00f3ttir<\/span><\/p>\n<p><span style=\"color: #800080;\">T\u00edmi : 28 mars og 4 apr\u00edl kl. 18 &#8211; 21.<\/span><\/p>\n<p><span style=\"color: #800080;\">Ver\u00f0 : 15. 800,-<\/span><\/p>\n<p>&nbsp;<\/p>\n<p>&nbsp;<\/p>\n<p><span style=\"color: #993300;\"><u>Mosaik &#8211; vorgle\u00f0i. <\/u><\/span><\/p>\n<p><span style=\"color: #993300;\">H\u00e9r l\u00e1tum vi\u00f0 hugmyndaflugi\u00f0 r\u00e1\u00f0a f\u00f6r\u2026 bor\u00f0 \u00e1 pallinn, luktir, skraut \u00ed bl\u00f3mabe\u00f0in, \u00fatipottar e\u00f0a anna\u00f0.<\/span><\/p>\n<p><span style=\"color: #993300;\">Kennari : Halla Birgisd\u00f3ttir.<\/span><\/p>\n<p><span style=\"color: #993300;\">T\u00edmi : 2. 9. og 16 mai kl. 17:30 &#8211; 19:30<\/span><\/p>\n<p><span style=\"color: #993300;\">Ver\u00f0 14.000,-<\/span><\/p>\n<p>&nbsp;<\/p>\n<p>&nbsp;<\/p>\n<p><span style=\"color: #008080;\"><u>Hekla\u00f0 milliverk e\u00f0a kappi.\u00a0\u00a0 <\/u>N\u00ddTT<\/span><\/p>\n<p><span style=\"color: #008080;\">Heklu\u00f0 eru munstur \u00far b\u00f3kinni Milliverk \u00ed samantekt Jenn\u00fdar Karlsd\u00f3ttur.<\/span><\/p>\n<p><span style=\"color: #008080;\">Kennari : Krist\u00edn Sigtryggsd\u00f3ttir<\/span><\/p>\n<p><span style=\"color: #008080;\">T\u00edmi : 28 mars, 4. og 11.apr\u00edl kl. 19 &#8211; 21.<\/span><\/p>\n<p><span style=\"color: #008080;\">Ver\u00f0 8.900,-<\/span><\/p>\n<p>&nbsp;<\/p>\n<p>&nbsp;<\/p>\n<p>&nbsp;<\/p>\n<p>&nbsp;<\/p>\n<p>&nbsp;<\/p>\n<p>&nbsp;<\/p>\n<p>&nbsp;<\/p>\n<p>&nbsp;<\/p>\n<p>&nbsp;<\/p>\n","protected":false},"excerpt":{"rendered":"<p>&nbsp; Vor n\u00e1mskei\u00f0 2019. Skr\u00e1ning \u00e1 n\u00e1mskei\u00f0in eru https:\/\/rosenborg.felog.is\/ &nbsp; &nbsp; \u00deekkir \u00fe\u00fa muninn \u00e1 sp\u00fdtu og kubb.\u00a0\u00a0\u00a0\u00a0\u00a0\u00a0\u00a0\u00a0\u00a0\u00a0\u00a0\u00a0\u00a0\u00a0\u00a0\u00a0\u00a0\u00a0\u00a0\u00a0\u00a0\u00a0\u00a0\u00a0\u00a0\u00a0 N\u00ddTT. J\u00f3hann mun fr\u00e6\u00f0a okkur um nytjavi\u00f0 \u00far \u00edslenskri n\u00e1tt\u00faru, \u00fe\u00e6r vi\u00f0artegundir sem h\u00e6gt er a\u00f0 kaupa h\u00e9r \u00e1\u00a0\u00cdslandi, einnig kemur hann me\u00f0 s\u00fdnishorn af f\u00e1g\u00e6tum har\u00f0vi\u00f0artegundum \u00far einkasafni s\u00ednu. \u00deetta n\u00e1mskei\u00f0 er tilvali\u00f0 fyrir hvern \u00feann &hellip; <a href=\"https:\/\/punkturinn.akureyri.is\/index.php\/2019\/01\/14\/vornamskeid-2019\/\" class=\"more-link\">Halda \u00e1fram a\u00f0 lesa: <span class=\"screen-reader-text\">Vorn\u00e1mskei\u00f0 2019.<\/span><\/a><\/p>\n","protected":false},"author":1,"featured_media":0,"comment_status":"closed","ping_status":"open","sticky":false,"template":"","format":"standard","meta":[],"categories":[1],"tags":[],"_links":{"self":[{"href":"https:\/\/punkturinn.akureyri.is\/index.php\/wp-json\/wp\/v2\/posts\/624"}],"collection":[{"href":"https:\/\/punkturinn.akureyri.is\/index.php\/wp-json\/wp\/v2\/posts"}],"about":[{"href":"https:\/\/punkturinn.akureyri.is\/index.php\/wp-json\/wp\/v2\/types\/post"}],"author":[{"embeddable":true,"href":"https:\/\/punkturinn.akureyri.is\/index.php\/wp-json\/wp\/v2\/users\/1"}],"replies":[{"embeddable":true,"href":"https:\/\/punkturinn.akureyri.is\/index.php\/wp-json\/wp\/v2\/comments?post=624"}],"version-history":[{"count":5,"href":"https:\/\/punkturinn.akureyri.is\/index.php\/wp-json\/wp\/v2\/posts\/624\/revisions"}],"predecessor-version":[{"id":650,"href":"https:\/\/punkturinn.akureyri.is\/index.php\/wp-json\/wp\/v2\/posts\/624\/revisions\/650"}],"wp:attachment":[{"href":"https:\/\/punkturinn.akureyri.is\/index.php\/wp-json\/wp\/v2\/media?parent=624"}],"wp:term":[{"taxonomy":"category","embeddable":true,"href":"https:\/\/punkturinn.akureyri.is\/index.php\/wp-json\/wp\/v2\/categories?post=624"},{"taxonomy":"post_tag","embeddable":true,"href":"https:\/\/punkturinn.akureyri.is\/index.php\/wp-json\/wp\/v2\/tags?post=624"}],"curies":[{"name":"wp","href":"https:\/\/api.w.org\/{rel}","templated":true}]}}