{"id":612,"date":"2018-12-20T11:19:19","date_gmt":"2018-12-20T11:19:19","guid":{"rendered":"https:\/\/punkturinn.akureyri.is\/?p=612"},"modified":"2019-01-02T08:29:23","modified_gmt":"2019-01-02T08:29:23","slug":"thekkir-thu-munin-a-spytu-og-kubb","status":"publish","type":"post","link":"https:\/\/punkturinn.akureyri.is\/index.php\/2018\/12\/20\/thekkir-thu-munin-a-spytu-og-kubb\/","title":{"rendered":"\u00deekkir \u00fe\u00fa munin \u00e1 sp\u00fdtu og kubb."},"content":{"rendered":"<div data-offset-key=\"cqm3r-0-0\" data-block=\"true\" data-editor=\"dvfun\">\n<div class=\"_1mf _1mj\" data-offset-key=\"cqm3r-0-0\"><span data-offset-key=\"cqm3r-0-0\"><a href=\"https:\/\/punkturinn.akureyri.is\/wp-content\/uploads\/2018\/12\/vidur5.jpg\"><img loading=\"lazy\" class=\"aligncenter size-full wp-image-620\" src=\"https:\/\/punkturinn.akureyri.is\/wp-content\/uploads\/2018\/12\/vidur5.jpg\" alt=\"\" width=\"550\" height=\"335\" srcset=\"https:\/\/punkturinn.akureyri.is\/wp-content\/uploads\/2018\/12\/vidur5.jpg 550w, https:\/\/punkturinn.akureyri.is\/wp-content\/uploads\/2018\/12\/vidur5-300x183.jpg 300w, https:\/\/punkturinn.akureyri.is\/wp-content\/uploads\/2018\/12\/vidur5-493x300.jpg 493w\" sizes=\"(max-width: 550px) 100vw, 550px\" \/><\/a> <a href=\"https:\/\/punkturinn.akureyri.is\/wp-content\/uploads\/2018\/12\/vi\u00f0ur-1.jpg\"><img loading=\"lazy\" class=\"aligncenter size-full wp-image-621\" src=\"https:\/\/punkturinn.akureyri.is\/wp-content\/uploads\/2018\/12\/vi\u00f0ur-1.jpg\" alt=\"\" width=\"570\" height=\"380\" srcset=\"https:\/\/punkturinn.akureyri.is\/wp-content\/uploads\/2018\/12\/vi\u00f0ur-1.jpg 570w, https:\/\/punkturinn.akureyri.is\/wp-content\/uploads\/2018\/12\/vi\u00f0ur-1-300x200.jpg 300w, https:\/\/punkturinn.akureyri.is\/wp-content\/uploads\/2018\/12\/vi\u00f0ur-1-450x300.jpg 450w\" sizes=\"(max-width: 570px) 100vw, 570px\" \/><\/a>Kannski j\u00f3lagj\u00f6f sem hentar honum\/henni \ud83d\ude42<\/span><\/div>\n<\/div>\n<div data-offset-key=\"d0262-0-0\" data-block=\"true\" data-editor=\"dvfun\">\n<div class=\"_1mf _1mj\" data-offset-key=\"d0262-0-0\"><\/div>\n<\/div>\n<div data-offset-key=\"am64e-0-0\" data-block=\"true\" data-editor=\"dvfun\">\n<div class=\"_1mf _1mj\" data-offset-key=\"am64e-0-0\"><\/div>\n<\/div>\n<div data-offset-key=\"dsq4v-0-0\" data-block=\"true\" data-editor=\"dvfun\">\n<div class=\"_1mf _1mj\" data-offset-key=\"dsq4v-0-0\"><span data-offset-key=\"dsq4v-0-0\">\u00deekkir \u00fe\u00fa muninn \u00e1 sp\u00fdtu og kubb?<\/span><\/div>\n<\/div>\n<div data-offset-key=\"b5snj-0-0\" data-block=\"true\" data-editor=\"dvfun\">\n<div class=\"_1mf _1mj\" data-offset-key=\"b5snj-0-0\"><span data-offset-key=\"b5snj-0-0\">J\u00f3hann Sigurj\u00f3nsson hefur rennt listmuni \u00ed tr\u00e9 til fj\u00f6lda \u00e1ra. Hann hefur safna\u00f0 a\u00f0 s\u00e9r talsvert af mismunandi vi\u00f0artegunum \u00ed gegnum \u00e1rin og hefur mikla \u00feekkingu \u00e1 \u00feessu svi\u00f0i. Vi\u00f0 erum svo heppin a\u00f0 geta bo\u00f0i\u00f0 upp \u00e1 \u00feetta einstaka n\u00e1mskei\u00f0 \u00fear sem hann kennir okkur a\u00f0 \u00feekkja hinar \u00fdmsu vi\u00f0artegundir. Hann mun fr\u00e6\u00f0a okkur um nytjavi\u00f0 \u00far \u00edslenskri n\u00e1tt\u00faru, \u00fe\u00e6r vi\u00f0artegundir sem h\u00e6gt er a\u00f0 kaupa h\u00e9r \u00e1 \u00cdslandi og einnig kemur hann me\u00f0 s\u00fdnishorn af f\u00e1g\u00e6tari har\u00f0vi\u00f0artegundum \u00far hans einkasafni.<\/span><\/div>\n<\/div>\n<div data-offset-key=\"f1ugd-0-0\" data-block=\"true\" data-editor=\"dvfun\">\n<div class=\"_1mf _1mj\" data-offset-key=\"f1ugd-0-0\"><span data-offset-key=\"f1ugd-0-0\">\u00deetta n\u00e1mskei\u00f0 er tilvali\u00f0 fyrir hvern \u00feann sem vinnur me\u00f0 timbur hvort sem \u00fea\u00f0 er \u00ed leik e\u00f0a starfi. <\/span><\/div>\n<\/div>\n<div data-offset-key=\"32sj8-0-0\" data-block=\"true\" data-editor=\"dvfun\">\n<div class=\"_1mf _1mj\" data-offset-key=\"32sj8-0-0\"><span data-offset-key=\"32sj8-0-0\">N\u00e1mskei\u00f0i\u00f0 er ein kv\u00f6ldstund fr\u00e1 kl. 19-22. fimmtudaginn 7. febr\u00faar 2019.<\/span><\/div>\n<\/div>\n<div data-offset-key=\"4oj5l-0-0\" data-block=\"true\" data-editor=\"dvfun\">\n<div class=\"_1mf _1mj\" data-offset-key=\"4oj5l-0-0\"><span data-offset-key=\"4oj5l-0-0\">\u00de\u00fa einfaldlega skr\u00e1ir vi\u00f0komandi inn \u00e1 https:\/\/rosenborg.felog.is\/ og gefur sta\u00f0festinguna sem \u00fe\u00fa prentar \u00fat \u00ed j\u00f3lagj\u00f6f.<\/span><\/div>\n<div data-offset-key=\"4oj5l-0-0\">Ver\u00f0 4.900,-<\/div>\n<\/div>\n<div data-offset-key=\"3eeud-0-0\" data-block=\"true\" data-editor=\"dvfun\">\n<div class=\"_1mf _1mj\" data-offset-key=\"3eeud-0-0\">\n<p><span data-offset-key=\"3eeud-0-0\"><span data-offset-key=\"3eeud-0-0\">N\u00e1mskei\u00f0 sem enginn m\u00e1 l\u00e1ta fram hj\u00e1 s\u00e9r fara.<\/span><\/span><\/p>\n<div id='gallery-1' class='gallery galleryid-612 gallery-columns-3 gallery-size-thumbnail'><figure class='gallery-item'>\n\t\t\t<div class='gallery-icon landscape'>\n\t\t\t\t<a href='https:\/\/punkturinn.akureyri.is\/index.php\/2018\/12\/20\/thekkir-thu-munin-a-spytu-og-kubb\/vidur-4\/'><img width=\"150\" height=\"150\" src=\"https:\/\/punkturinn.akureyri.is\/wp-content\/uploads\/2018\/12\/vidur-4-150x150.jpg\" class=\"attachment-thumbnail size-thumbnail\" alt=\"\" loading=\"lazy\" \/><\/a>\n\t\t\t<\/div><\/figure>\n\t\t<\/div>\n\n<p><a href=\"https:\/\/punkturinn.akureyri.is\/wp-content\/uploads\/2018\/12\/vi\u00f0ur.jpg\"><img loading=\"lazy\" class=\"aligncenter size-full wp-image-614\" src=\"https:\/\/punkturinn.akureyri.is\/wp-content\/uploads\/2018\/12\/vi\u00f0ur.jpg\" alt=\"\" width=\"570\" height=\"380\" srcset=\"https:\/\/punkturinn.akureyri.is\/wp-content\/uploads\/2018\/12\/vi\u00f0ur.jpg 570w, https:\/\/punkturinn.akureyri.is\/wp-content\/uploads\/2018\/12\/vi\u00f0ur-300x200.jpg 300w, https:\/\/punkturinn.akureyri.is\/wp-content\/uploads\/2018\/12\/vi\u00f0ur-450x300.jpg 450w\" sizes=\"(max-width: 570px) 100vw, 570px\" \/><\/a><\/p>\n<\/div>\n<\/div>\n","protected":false},"excerpt":{"rendered":"<p>Kannski j\u00f3lagj\u00f6f sem hentar honum\/henni \ud83d\ude42 \u00deekkir \u00fe\u00fa muninn \u00e1 sp\u00fdtu og kubb? J\u00f3hann Sigurj\u00f3nsson hefur rennt listmuni \u00ed tr\u00e9 til fj\u00f6lda \u00e1ra. Hann hefur safna\u00f0 a\u00f0 s\u00e9r talsvert af mismunandi vi\u00f0artegunum \u00ed gegnum \u00e1rin og hefur mikla \u00feekkingu \u00e1 \u00feessu svi\u00f0i. Vi\u00f0 erum svo heppin a\u00f0 geta bo\u00f0i\u00f0 upp \u00e1 \u00feetta einstaka n\u00e1mskei\u00f0 \u00fear &hellip; <a href=\"https:\/\/punkturinn.akureyri.is\/index.php\/2018\/12\/20\/thekkir-thu-munin-a-spytu-og-kubb\/\" class=\"more-link\">Halda \u00e1fram a\u00f0 lesa: <span class=\"screen-reader-text\">\u00deekkir \u00fe\u00fa munin \u00e1 sp\u00fdtu og kubb.<\/span><\/a><\/p>\n","protected":false},"author":1,"featured_media":0,"comment_status":"closed","ping_status":"open","sticky":false,"template":"","format":"standard","meta":[],"categories":[1],"tags":[],"_links":{"self":[{"href":"https:\/\/punkturinn.akureyri.is\/index.php\/wp-json\/wp\/v2\/posts\/612"}],"collection":[{"href":"https:\/\/punkturinn.akureyri.is\/index.php\/wp-json\/wp\/v2\/posts"}],"about":[{"href":"https:\/\/punkturinn.akureyri.is\/index.php\/wp-json\/wp\/v2\/types\/post"}],"author":[{"embeddable":true,"href":"https:\/\/punkturinn.akureyri.is\/index.php\/wp-json\/wp\/v2\/users\/1"}],"replies":[{"embeddable":true,"href":"https:\/\/punkturinn.akureyri.is\/index.php\/wp-json\/wp\/v2\/comments?post=612"}],"version-history":[{"count":5,"href":"https:\/\/punkturinn.akureyri.is\/index.php\/wp-json\/wp\/v2\/posts\/612\/revisions"}],"predecessor-version":[{"id":622,"href":"https:\/\/punkturinn.akureyri.is\/index.php\/wp-json\/wp\/v2\/posts\/612\/revisions\/622"}],"wp:attachment":[{"href":"https:\/\/punkturinn.akureyri.is\/index.php\/wp-json\/wp\/v2\/media?parent=612"}],"wp:term":[{"taxonomy":"category","embeddable":true,"href":"https:\/\/punkturinn.akureyri.is\/index.php\/wp-json\/wp\/v2\/categories?post=612"},{"taxonomy":"post_tag","embeddable":true,"href":"https:\/\/punkturinn.akureyri.is\/index.php\/wp-json\/wp\/v2\/tags?post=612"}],"curies":[{"name":"wp","href":"https:\/\/api.w.org\/{rel}","templated":true}]}}