{"id":465,"date":"2018-03-09T11:44:51","date_gmt":"2018-03-09T11:44:51","guid":{"rendered":"https:\/\/punkturinn.akureyri.is\/?p=465"},"modified":"2018-03-09T12:12:39","modified_gmt":"2018-03-09T12:12:39","slug":"naestu-namskeid","status":"publish","type":"post","link":"https:\/\/punkturinn.akureyri.is\/index.php\/2018\/03\/09\/naestu-namskeid\/","title":{"rendered":"N\u00e6stu n\u00e1mskei\u00f0 &#8230;&#8230;&#8230;."},"content":{"rendered":"<p>&nbsp;<\/p>\n<h1>H\u00e9r er alltaf l\u00edf og fj\u00f6r, og skemmtilegt fr\u00e1 \u00fev\u00ed a\u00f0 segja a\u00f0 \u00fea\u00f0 er b\u00fai\u00f0 a\u00f0 vera fr\u00e1b\u00e6r m\u00e6ting \u00e1 n\u00e1mskei\u00f0in okkar \u00ed vor. En vi\u00f0 erum sko alls ekki h\u00e6tt og eru n\u00e6stu n\u00e1mskei\u00f0 hj\u00e1 okkur\u00a0&#8230;.<\/h1>\n<h1><\/h1>\n<h1><\/h1>\n<h1><\/h1>\n<p><span style=\"text-decoration: underline;\"><span style=\"color: #ff6600; text-decoration: underline;\">T\u00e1lgun og \u00fatskur\u00f0ur.<\/span><\/span><\/p>\n<p><span style=\"color: #ff6600;\">\u00dar furutr\u00e9, sem fann \u00e9g \u00fat vi\u00f0 sj\u00f3<\/span><br \/>\n<span style=\"color: #ff6600;\"> \u00e9g fugla skar og l\u00edka&#8217; \u00far smi\u00f0jum\u00f3.<\/span><br \/>\n<span style=\"color: #ff6600;\"> \u00cd huganum til himins oft \u00e9g sv\u00edf<\/span><br \/>\n<span style=\"color: #ff6600;\"> og hl\u00fdt a\u00f0 geta sungi\u00f0 \u00ed \u00fe\u00e1 l\u00edf.<\/span><\/p>\n<p><span style=\"color: #ff6600;\">2 laus pl\u00e1ss \u00e1 \u00feetta fr\u00e1b\u00e6ra n\u00e1mskei\u00f0 \ud83d\ude42<\/span><\/p>\n<p><span style=\"color: #ff6600;\">Hefst 7. 9. 14 og 16 mai.<br \/>\nVer\u00f0 18.000,-<\/span><\/p>\n<p>&nbsp;<\/p>\n<p>&nbsp;<\/p>\n<p><span style=\"text-decoration: underline;\"><span style=\"color: #808000; text-decoration: underline;\">Hjartalj\u00f3s og k\u00e6rleiksk\u00falur.<\/span><\/span> <span style=\"color: #808000;\">\u00deessar eru d\u00e1samlegar&#8230;. hekla\u00f0ar k\u00falur sem fallegt er a\u00f0 setja ser\u00edu \u00ed.<\/span><br \/>\n<span style=\"color: #808000;\">Hefst 13. og 20. mars kl. 10 &#8211; 12.<\/span><br \/>\n<span style=\"color: #808000;\">Ver\u00f0 6.000,-<\/span><\/p>\n<p><span style=\"color: #ff6600;\"><br \/>\n<\/span><span style=\"text-decoration: underline;\"><span style=\"color: #ff00ff; text-decoration: underline;\">K\u00f6rfuger\u00f0.<\/span> <\/span><span style=\"color: #ff00ff;\">Ger\u00f0ar eru d\u00e1samlega fallegar k\u00f6rfur undir laukinn e\u00f0a\u00a0bara \u00fea\u00f0 sem \u00feig langar a\u00f0 nota k\u00f6rfurnar \u00ed.<br \/>\n<\/span><span style=\"color: #ff00ff;\">Hefst 22. mars fr\u00e1 kl. 18 &#8211; 22.<br \/>\nVer\u00f0 9.000,-<\/span><\/p>\n<p>&nbsp;<\/p>\n<p><span style=\"color: #ff6600;\"><span style=\"text-decoration: underline;\">Mosaik.<\/span> <\/span><span style=\"color: #ff6600;\">\u00c1 \u00feessu n\u00e1mskei\u00f0i t\u00f6kum vi\u00f0 gamalt leirtau, sl\u00edpa\u00f0a steina, skeljar, t\u00f6lur og fleira fallegt og setjum \u00e1 g\u00f6mlu l\u00fanu leirpottana og breytum \u00feeim \u00ed fallegt handverk sem s\u00f3mir s\u00e9r vel undir sumarbl\u00f3min, kryddjurtirnar e\u00f0a anna\u00f0 sem okkur langar.<br \/>\n<\/span><span style=\"color: #ff6600;\">Hefst\u00a020 m\u00a010. 17. 24 apr\u00edl fr\u00e1 kl. 10 &#8211; 12.<br \/>\n<\/span><span style=\"color: #ff6600;\">Ver\u00f0 14.000<\/span><\/p>\n<p>&nbsp;<\/p>\n<p><span style=\"color: #808000;\"><span style=\"text-decoration: underline;\">Gr\u00f3\u00f0urkassi fyrir r\u00e6ktun.<\/span> B\u00fa\u00f0u til \u00feinn eigin gr\u00f3\u00f0urkassa og r\u00e6kta\u00f0u\u00a0lj\u00faffeng jar\u00f0aber e\u00f0a anna\u00f0 g\u00f3\u00f0g\u00e6ti \u00ed sumar.<br \/>\nF\u00e1um til okkar fr\u00e1b\u00e6ran og fr\u00f3\u00f0an mann \u00ed s\u00ed\u00f0asta t\u00edma sem lei\u00f0beinir um r\u00e9ttu vinnubr\u00f6g\u00f0in vi\u00f0 r\u00e6ktun.<br \/>\nHefst\u00a0 10.17. og 24. apr\u00edl kl. 17 &#8211; 19.<br \/>\nVer\u00f0 = 12.000,-<\/span><\/p>\n<p>&nbsp;<\/p>\n<p><span style=\"color: #ff00ff;\"><span style=\"text-decoration: underline;\">H\u00fasgagnavi\u00f0ger\u00f0ir<\/span>. \u00c1 \u00feessu n\u00e1mskei\u00f0i l\u00e6rir \u00fe\u00fa a\u00f0 me\u00f0h\u00f6ndla og gera vi\u00f0 margskonar\u00a0vi\u00f0artegundir. \u00de\u00fa kemur me\u00f0 einn hlut sem ekki er st\u00e6rri en a\u00f0 \u00fe\u00fa getir haldi\u00f0 \u00e1 honum \ud83d\ude42 og gerir hann eins og n\u00fdjan.<\/span><br \/>\n<span style=\"color: #ff00ff;\"> Hefst 26. apr\u00edl 3 og 17 mai.kl. 17 &#8211; 19.<br \/>\nVer\u00f0 18.000,-<\/span><\/p>\n<p>&nbsp;<\/p>\n<p><span style=\"color: #ff9900;\"><span style=\"text-decoration: underline;\">Glerbr\u00e6\u00f0sla<\/span> Dagn\u00e1mskei\u00f0 hefst 13. 15. og 20. mars fr\u00e1 \u00a0kl. 10-12. <\/span><span style=\"color: #ff9900;\">Ver\u00f0 17.000,-<\/span><\/p>\n<p>&nbsp;<\/p>\n<p><span style=\"text-decoration: underline;\"><span style=\"color: #808000; text-decoration: underline;\">S\u00e9rsm\u00ed\u00f0a\u00f0ir myndarammar<\/span>. <\/span><span style=\"color: #808000;\">\u00dea\u00f0 er fr\u00e1b\u00e6rt a\u00f0 geta smi\u00f0a\u00f0 s\u00edna eigin tr\u00e9myndaramma og au\u00f0vita\u00f0 kennum vi\u00f0 \u00fe\u00e9r \u00fea\u00f0 \u00e1 stuttu og skemmtilegu n\u00e1mskei\u00f0.<br \/>\nHefst : 20. mars kl. 17 &#8211; 19.<br \/>\nVer\u00f0 4.500,-\u00a0<\/span><\/p>\n<p><span style=\"text-decoration: underline;\"><span style=\"color: #ff00ff; text-decoration: underline;\">Tr\u00e9rennsli \/ rennibekkur. <\/span><\/span><span style=\"color: #ff00ff;\">Laust \u00e1 seinasta n\u00e1mskei\u00f0 \u00feessarar annar &#8230;..<br \/>\nHefst 26. apr\u00edl og 3. mai kl. 20 &#8211; 21:30.<br \/>\nVer\u00f0 14.000,-<\/span><\/p>\n<p><span style=\"text-decoration: underline;\"><span style=\"color: #ff6600; text-decoration: underline;\">Byrjendahekl og prj\u00f3n. <\/span><\/span><span style=\"color: #ff6600;\">N\u00fa er engin ma\u00f0ur me\u00f0 m\u00f6nnum nema a\u00f0 kunna a\u00f0 hekla og e\u00f0a prj\u00f3na en \u00fea\u00f0 er n\u00fa l\u00edti\u00f0 m\u00e1l \u00fev\u00ed vi\u00f0 erum me\u00f0 fr\u00e1b\u00e6ran kennara sem reddar \u00fev\u00ed.<br \/>\nHefst 22. mars 5 og 12 apr\u00edl.<br \/>\nKL. 19:30 &#8211; 21:00<br \/>\nVer\u00f0 8.000,-<\/span><\/p>\n<p><span style=\"text-decoration: underline;\"><span style=\"color: #808000; text-decoration: underline;\">Hn\u00fdtingar. <\/span><\/span><span style=\"color: #808000;\">\u00dea\u00f0 var d\u00e1samlegt a\u00f0 fylgjast me\u00f0 fyrsta h\u00f3pnum \u00e1 \u00feessu n\u00e1mskei\u00f0i og miki\u00f0 hlegi\u00f0 og s\u00ed\u00f0an en ekki s\u00edst geggju\u00f0 smart hengi \u00e1 vegg og undir bl\u00f3mapotta b\u00fain til.<\/span><br \/>\n<span style=\"color: #808000;\">Hefst 26. apr\u00edl 3 og 10 mai. kl. 20 &#8211; 21:30<\/span><br \/>\n<span style=\"color: #808000;\">Ver\u00f0 9.000,-<\/span><\/p>\n<p><span style=\"color: #ff00ff;\">Sm\u00ed\u00f0astofa &#8230; panta\u00f0u hj\u00e1 okkur einkat\u00edma og vi\u00f0 kennum \u00fe\u00e9r a\u00f0 nota t\u00e6ki og t\u00f3l svo \u00fe\u00fa getir komi\u00f0 og unni\u00f0 sj\u00e1lfst\u00e6tt.<\/span><\/p>\n","protected":false},"excerpt":{"rendered":"<p>&nbsp; H\u00e9r er alltaf l\u00edf og fj\u00f6r, og skemmtilegt fr\u00e1 \u00fev\u00ed a\u00f0 segja a\u00f0 \u00fea\u00f0 er b\u00fai\u00f0 a\u00f0 vera fr\u00e1b\u00e6r m\u00e6ting \u00e1 n\u00e1mskei\u00f0in okkar \u00ed vor. En vi\u00f0 erum sko alls ekki h\u00e6tt og eru n\u00e6stu n\u00e1mskei\u00f0 hj\u00e1 okkur\u00a0&#8230;. T\u00e1lgun og \u00fatskur\u00f0ur. \u00dar furutr\u00e9, sem fann \u00e9g \u00fat vi\u00f0 sj\u00f3 \u00e9g fugla skar og l\u00edka&#8217; &hellip; <a href=\"https:\/\/punkturinn.akureyri.is\/index.php\/2018\/03\/09\/naestu-namskeid\/\" class=\"more-link\">Halda \u00e1fram a\u00f0 lesa: <span class=\"screen-reader-text\">N\u00e6stu n\u00e1mskei\u00f0 &#8230;&#8230;&#8230;.<\/span><\/a><\/p>\n","protected":false},"author":1,"featured_media":0,"comment_status":"closed","ping_status":"open","sticky":false,"template":"","format":"standard","meta":[],"categories":[7,4,1],"tags":[],"_links":{"self":[{"href":"https:\/\/punkturinn.akureyri.is\/index.php\/wp-json\/wp\/v2\/posts\/465"}],"collection":[{"href":"https:\/\/punkturinn.akureyri.is\/index.php\/wp-json\/wp\/v2\/posts"}],"about":[{"href":"https:\/\/punkturinn.akureyri.is\/index.php\/wp-json\/wp\/v2\/types\/post"}],"author":[{"embeddable":true,"href":"https:\/\/punkturinn.akureyri.is\/index.php\/wp-json\/wp\/v2\/users\/1"}],"replies":[{"embeddable":true,"href":"https:\/\/punkturinn.akureyri.is\/index.php\/wp-json\/wp\/v2\/comments?post=465"}],"version-history":[{"count":8,"href":"https:\/\/punkturinn.akureyri.is\/index.php\/wp-json\/wp\/v2\/posts\/465\/revisions"}],"predecessor-version":[{"id":475,"href":"https:\/\/punkturinn.akureyri.is\/index.php\/wp-json\/wp\/v2\/posts\/465\/revisions\/475"}],"wp:attachment":[{"href":"https:\/\/punkturinn.akureyri.is\/index.php\/wp-json\/wp\/v2\/media?parent=465"}],"wp:term":[{"taxonomy":"category","embeddable":true,"href":"https:\/\/punkturinn.akureyri.is\/index.php\/wp-json\/wp\/v2\/categories?post=465"},{"taxonomy":"post_tag","embeddable":true,"href":"https:\/\/punkturinn.akureyri.is\/index.php\/wp-json\/wp\/v2\/tags?post=465"}],"curies":[{"name":"wp","href":"https:\/\/api.w.org\/{rel}","templated":true}]}}