{"id":460,"date":"2018-02-19T10:22:22","date_gmt":"2018-02-19T10:22:22","guid":{"rendered":"https:\/\/punkturinn.akureyri.is\/?p=460"},"modified":"2018-02-19T10:59:30","modified_gmt":"2018-02-19T10:59:30","slug":"lif-og-fjor-a-namskeidinu-hvildu-simann-i-smidastofunni","status":"publish","type":"post","link":"https:\/\/punkturinn.akureyri.is\/index.php\/2018\/02\/19\/lif-og-fjor-a-namskeidinu-hvildu-simann-i-smidastofunni\/","title":{"rendered":"L\u00edf og fj\u00f6r \u00ed sm\u00ed\u00f0astofunni \u00e1 n\u00e1mskei\u00f0inu Hv\u00edldu s\u00edmann"},"content":{"rendered":"<p><img loading=\"lazy\" class=\"size-large wp-image-458\" src=\"https:\/\/punkturinn.akureyri.is\/wp-content\/uploads\/2018\/02\/0ce261af-3d86-4621-88e7-a1f85a762710.jpg\" width=\"4032\" height=\"3024\" srcset=\"https:\/\/punkturinn.akureyri.is\/wp-content\/uploads\/2018\/02\/0ce261af-3d86-4621-88e7-a1f85a762710.jpg 4032w, https:\/\/punkturinn.akureyri.is\/wp-content\/uploads\/2018\/02\/0ce261af-3d86-4621-88e7-a1f85a762710-300x225.jpg 300w, https:\/\/punkturinn.akureyri.is\/wp-content\/uploads\/2018\/02\/0ce261af-3d86-4621-88e7-a1f85a762710-768x576.jpg 768w, https:\/\/punkturinn.akureyri.is\/wp-content\/uploads\/2018\/02\/0ce261af-3d86-4621-88e7-a1f85a762710-1024x768.jpg 1024w, https:\/\/punkturinn.akureyri.is\/wp-content\/uploads\/2018\/02\/0ce261af-3d86-4621-88e7-a1f85a762710-400x300.jpg 400w\" sizes=\"(max-width: 4032px) 100vw, 4032px\" \/><img loading=\"lazy\" class=\"size-large wp-image-459\" src=\"https:\/\/punkturinn.akureyri.is\/wp-content\/uploads\/2018\/02\/8ecea5f5-1a11-4e42-bd81-df6234fa65ab.jpg\" width=\"4032\" height=\"3024\" srcset=\"https:\/\/punkturinn.akureyri.is\/wp-content\/uploads\/2018\/02\/8ecea5f5-1a11-4e42-bd81-df6234fa65ab.jpg 4032w, https:\/\/punkturinn.akureyri.is\/wp-content\/uploads\/2018\/02\/8ecea5f5-1a11-4e42-bd81-df6234fa65ab-300x225.jpg 300w, https:\/\/punkturinn.akureyri.is\/wp-content\/uploads\/2018\/02\/8ecea5f5-1a11-4e42-bd81-df6234fa65ab-768x576.jpg 768w, https:\/\/punkturinn.akureyri.is\/wp-content\/uploads\/2018\/02\/8ecea5f5-1a11-4e42-bd81-df6234fa65ab-1024x768.jpg 1024w, https:\/\/punkturinn.akureyri.is\/wp-content\/uploads\/2018\/02\/8ecea5f5-1a11-4e42-bd81-df6234fa65ab-400x300.jpg 400w\" sizes=\"(max-width: 4032px) 100vw, 4032px\" \/><\/p>\n","protected":false},"excerpt":{"rendered":"","protected":false},"author":1,"featured_media":0,"comment_status":"closed","ping_status":"open","sticky":false,"template":"","format":"standard","meta":[],"categories":[3],"tags":[],"_links":{"self":[{"href":"https:\/\/punkturinn.akureyri.is\/index.php\/wp-json\/wp\/v2\/posts\/460"}],"collection":[{"href":"https:\/\/punkturinn.akureyri.is\/index.php\/wp-json\/wp\/v2\/posts"}],"about":[{"href":"https:\/\/punkturinn.akureyri.is\/index.php\/wp-json\/wp\/v2\/types\/post"}],"author":[{"embeddable":true,"href":"https:\/\/punkturinn.akureyri.is\/index.php\/wp-json\/wp\/v2\/users\/1"}],"replies":[{"embeddable":true,"href":"https:\/\/punkturinn.akureyri.is\/index.php\/wp-json\/wp\/v2\/comments?post=460"}],"version-history":[{"count":2,"href":"https:\/\/punkturinn.akureyri.is\/index.php\/wp-json\/wp\/v2\/posts\/460\/revisions"}],"predecessor-version":[{"id":462,"href":"https:\/\/punkturinn.akureyri.is\/index.php\/wp-json\/wp\/v2\/posts\/460\/revisions\/462"}],"wp:attachment":[{"href":"https:\/\/punkturinn.akureyri.is\/index.php\/wp-json\/wp\/v2\/media?parent=460"}],"wp:term":[{"taxonomy":"category","embeddable":true,"href":"https:\/\/punkturinn.akureyri.is\/index.php\/wp-json\/wp\/v2\/categories?post=460"},{"taxonomy":"post_tag","embeddable":true,"href":"https:\/\/punkturinn.akureyri.is\/index.php\/wp-json\/wp\/v2\/tags?post=460"}],"curies":[{"name":"wp","href":"https:\/\/api.w.org\/{rel}","templated":true}]}}