{"id":391,"date":"2017-12-18T09:56:39","date_gmt":"2017-12-18T09:56:39","guid":{"rendered":"https:\/\/punkturinn.akureyri.is\/?p=391"},"modified":"2017-12-18T09:56:50","modified_gmt":"2017-12-18T09:56:50","slug":"gledileg-jol-til-ykkar-allra","status":"publish","type":"post","link":"https:\/\/punkturinn.akureyri.is\/index.php\/2017\/12\/18\/gledileg-jol-til-ykkar-allra\/","title":{"rendered":"Gle\u00f0ileg j\u00f3l til ykkar allra .."},"content":{"rendered":"<p><span style=\"color: #ff0000;\"><a href=\"https:\/\/punkturinn.akureyri.is\/wp-content\/uploads\/2017\/12\/jolamynd-2.jpg\"><img loading=\"lazy\" class=\"alignnone size-full wp-image-395\" src=\"https:\/\/punkturinn.akureyri.is\/wp-content\/uploads\/2017\/12\/jolamynd-2.jpg\" alt=\"\" width=\"960\" height=\"539\" srcset=\"https:\/\/punkturinn.akureyri.is\/wp-content\/uploads\/2017\/12\/jolamynd-2.jpg 960w, https:\/\/punkturinn.akureyri.is\/wp-content\/uploads\/2017\/12\/jolamynd-2-300x168.jpg 300w, https:\/\/punkturinn.akureyri.is\/wp-content\/uploads\/2017\/12\/jolamynd-2-768x431.jpg 768w, https:\/\/punkturinn.akureyri.is\/wp-content\/uploads\/2017\/12\/jolamynd-2-500x281.jpg 500w\" sizes=\"(max-width: 960px) 100vw, 960px\" \/><\/a><\/span><\/p>\n<p><span style=\"color: #808000;\">K\u00e6ru vinir bestu j\u00f3la og n\u00fd\u00e1rskve\u00f0jur til ykkar og k\u00e6rar \u00feakkir fyrir g\u00f3\u00f0ar samverustundir \u00e1 \u00e1rinu.<\/span><\/p>\n<p><span style=\"color: #808000;\">J\u00f3lakve\u00f0ja fr\u00e1 H\u00f6llu, Gu\u00f0r\u00fanu Bj\u00f6rgu, Arnari, Helgu Bj\u00f6rk og Ingibj\u00f6rgu.<\/span><\/p>\n","protected":false},"excerpt":{"rendered":"<p>K\u00e6ru vinir bestu j\u00f3la og n\u00fd\u00e1rskve\u00f0jur til ykkar og k\u00e6rar \u00feakkir fyrir g\u00f3\u00f0ar samverustundir \u00e1 \u00e1rinu. J\u00f3lakve\u00f0ja fr\u00e1 H\u00f6llu, Gu\u00f0r\u00fanu Bj\u00f6rgu, Arnari, Helgu Bj\u00f6rk og Ingibj\u00f6rgu.<\/p>\n","protected":false},"author":1,"featured_media":0,"comment_status":"closed","ping_status":"open","sticky":false,"template":"","format":"standard","meta":[],"categories":[1],"tags":[],"_links":{"self":[{"href":"https:\/\/punkturinn.akureyri.is\/index.php\/wp-json\/wp\/v2\/posts\/391"}],"collection":[{"href":"https:\/\/punkturinn.akureyri.is\/index.php\/wp-json\/wp\/v2\/posts"}],"about":[{"href":"https:\/\/punkturinn.akureyri.is\/index.php\/wp-json\/wp\/v2\/types\/post"}],"author":[{"embeddable":true,"href":"https:\/\/punkturinn.akureyri.is\/index.php\/wp-json\/wp\/v2\/users\/1"}],"replies":[{"embeddable":true,"href":"https:\/\/punkturinn.akureyri.is\/index.php\/wp-json\/wp\/v2\/comments?post=391"}],"version-history":[{"count":1,"href":"https:\/\/punkturinn.akureyri.is\/index.php\/wp-json\/wp\/v2\/posts\/391\/revisions"}],"predecessor-version":[{"id":396,"href":"https:\/\/punkturinn.akureyri.is\/index.php\/wp-json\/wp\/v2\/posts\/391\/revisions\/396"}],"wp:attachment":[{"href":"https:\/\/punkturinn.akureyri.is\/index.php\/wp-json\/wp\/v2\/media?parent=391"}],"wp:term":[{"taxonomy":"category","embeddable":true,"href":"https:\/\/punkturinn.akureyri.is\/index.php\/wp-json\/wp\/v2\/categories?post=391"},{"taxonomy":"post_tag","embeddable":true,"href":"https:\/\/punkturinn.akureyri.is\/index.php\/wp-json\/wp\/v2\/tags?post=391"}],"curies":[{"name":"wp","href":"https:\/\/api.w.org\/{rel}","templated":true}]}}