{"id":379,"date":"2017-10-31T11:00:14","date_gmt":"2017-10-31T11:00:14","guid":{"rendered":"https:\/\/punkturinn.akureyri.is\/?p=379"},"modified":"2017-11-02T17:41:27","modified_gmt":"2017-11-02T17:41:27","slug":"synikennsla-i-trerennsli","status":"publish","type":"post","link":"https:\/\/punkturinn.akureyri.is\/index.php\/2017\/10\/31\/synikennsla-i-trerennsli\/","title":{"rendered":"S\u00fdnikennsla \u00ed tr\u00e9rennsli :)"},"content":{"rendered":"<p style=\"text-align: center;\"><strong>S\u00fdnikennsla \u00ed tr\u00e9rennsli<\/strong><\/p>\n<p style=\"text-align: center;\"><strong>me\u00f0 J\u00f3hanni Sigurj\u00f3nssyni<\/strong><\/p>\n<p style=\"text-align: center;\"><u>16.n\u00f3vember kl 19:30<\/u><\/p>\n<p style=\"text-align: center;\"><u><a href=\"https:\/\/punkturinn.akureyri.is\/wp-content\/uploads\/2017\/10\/Capture1.jpg\"><img loading=\"lazy\" class=\"alignnone wp-image-381\" src=\"https:\/\/punkturinn.akureyri.is\/wp-content\/uploads\/2017\/10\/Capture1-217x300.jpg\" alt=\"\" width=\"299\" height=\"408\" \/><\/a><\/u><\/p>\n<p style=\"text-align: center;\">J\u00f3hann hefur sta\u00f0i\u00f0 vi\u00f0 rennibekkinn undanfarin 25 \u00e1r og hefur \u00fer\u00f3a\u00f0 me\u00f0 s\u00e9r \u00fdmsar a\u00f0fer\u00f0ir vi\u00f0 i\u00f0ju s\u00edna.<\/p>\n<p style=\"text-align: center;\">\u00deessa kv\u00f6ldstund \u00e6tlar J\u00f3hann a\u00f0 renna l\u00edtinn hlut og nota 7 mismunandi j\u00e1rn vi\u00f0 \u00fea\u00f0. Hann mun fara yfir \u00f6ryggisatri\u00f0i, j\u00e1rn og br\u00fdningar, p\u00fassun og lokame\u00f0fer\u00f0.<\/p>\n<p style=\"text-align: center;\">\u00cd lokin ver\u00f0ur svo fari\u00f0 \u00ed heims\u00f3kn \u00ed<\/p>\n<p style=\"text-align: center;\">Galler\u00ed 16, \u00ed kjallaranum hj\u00e1 J\u00f3hanni.<\/p>\n<p style=\"text-align: center;\"><em>Skr\u00e1ning \u00e1 Punktinum, R\u00f3senborg<\/em><\/p>\n<p style=\"text-align: center;\"><em>e\u00f0a inni \u00e1 rosenborg.felog.is <\/em><\/p>\n<p style=\"text-align: center;\"><em>Ver\u00f0 4900,-<\/em><\/p>\n<p style=\"text-align: center;\">\u2026allir velkomnir og l\u00edka g\u00f6mlu, s\u00e9rvitru kallarnir<\/p>\n","protected":false},"excerpt":{"rendered":"<p>S\u00fdnikennsla \u00ed tr\u00e9rennsli me\u00f0 J\u00f3hanni Sigurj\u00f3nssyni 16.n\u00f3vember kl 19:30 J\u00f3hann hefur sta\u00f0i\u00f0 vi\u00f0 rennibekkinn undanfarin 25 \u00e1r og hefur \u00fer\u00f3a\u00f0 me\u00f0 s\u00e9r \u00fdmsar a\u00f0fer\u00f0ir vi\u00f0 i\u00f0ju s\u00edna. \u00deessa kv\u00f6ldstund \u00e6tlar J\u00f3hann a\u00f0 renna l\u00edtinn hlut og nota 7 mismunandi j\u00e1rn vi\u00f0 \u00fea\u00f0. Hann mun fara yfir \u00f6ryggisatri\u00f0i, j\u00e1rn og br\u00fdningar, p\u00fassun og lokame\u00f0fer\u00f0. \u00cd lokin &hellip; <a href=\"https:\/\/punkturinn.akureyri.is\/index.php\/2017\/10\/31\/synikennsla-i-trerennsli\/\" class=\"more-link\">Halda \u00e1fram a\u00f0 lesa: <span class=\"screen-reader-text\">S\u00fdnikennsla \u00ed tr\u00e9rennsli \ud83d\ude42<\/span><\/a><\/p>\n","protected":false},"author":1,"featured_media":0,"comment_status":"closed","ping_status":"open","sticky":false,"template":"","format":"standard","meta":[],"categories":[4],"tags":[],"_links":{"self":[{"href":"https:\/\/punkturinn.akureyri.is\/index.php\/wp-json\/wp\/v2\/posts\/379"}],"collection":[{"href":"https:\/\/punkturinn.akureyri.is\/index.php\/wp-json\/wp\/v2\/posts"}],"about":[{"href":"https:\/\/punkturinn.akureyri.is\/index.php\/wp-json\/wp\/v2\/types\/post"}],"author":[{"embeddable":true,"href":"https:\/\/punkturinn.akureyri.is\/index.php\/wp-json\/wp\/v2\/users\/1"}],"replies":[{"embeddable":true,"href":"https:\/\/punkturinn.akureyri.is\/index.php\/wp-json\/wp\/v2\/comments?post=379"}],"version-history":[{"count":2,"href":"https:\/\/punkturinn.akureyri.is\/index.php\/wp-json\/wp\/v2\/posts\/379\/revisions"}],"predecessor-version":[{"id":382,"href":"https:\/\/punkturinn.akureyri.is\/index.php\/wp-json\/wp\/v2\/posts\/379\/revisions\/382"}],"wp:attachment":[{"href":"https:\/\/punkturinn.akureyri.is\/index.php\/wp-json\/wp\/v2\/media?parent=379"}],"wp:term":[{"taxonomy":"category","embeddable":true,"href":"https:\/\/punkturinn.akureyri.is\/index.php\/wp-json\/wp\/v2\/categories?post=379"},{"taxonomy":"post_tag","embeddable":true,"href":"https:\/\/punkturinn.akureyri.is\/index.php\/wp-json\/wp\/v2\/tags?post=379"}],"curies":[{"name":"wp","href":"https:\/\/api.w.org\/{rel}","templated":true}]}}