{"id":205,"date":"2017-01-25T11:00:11","date_gmt":"2017-01-25T11:00:11","guid":{"rendered":"https:\/\/punkturinn.akureyri.is\/?p=205"},"modified":"2017-01-25T11:00:11","modified_gmt":"2017-01-25T11:00:11","slug":"laerdu-ad-hekla","status":"publish","type":"post","link":"https:\/\/punkturinn.akureyri.is\/index.php\/2017\/01\/25\/laerdu-ad-hekla\/","title":{"rendered":"L\u00e6r\u00f0u a\u00f0 hekla"},"content":{"rendered":"<p><a href=\"https:\/\/punkturinn.akureyri.is\/wp-content\/uploads\/2017\/01\/byrjendahekl_Asta.jpg\"><img loading=\"lazy\" class=\"alignnone size-medium wp-image-206\" src=\"https:\/\/punkturinn.akureyri.is\/wp-content\/uploads\/2017\/01\/byrjendahekl_Asta-300x300.jpg\" alt=\"\" width=\"300\" height=\"300\" srcset=\"https:\/\/punkturinn.akureyri.is\/wp-content\/uploads\/2017\/01\/byrjendahekl_Asta-300x300.jpg 300w, https:\/\/punkturinn.akureyri.is\/wp-content\/uploads\/2017\/01\/byrjendahekl_Asta-150x150.jpg 150w, https:\/\/punkturinn.akureyri.is\/wp-content\/uploads\/2017\/01\/byrjendahekl_Asta-768x768.jpg 768w, https:\/\/punkturinn.akureyri.is\/wp-content\/uploads\/2017\/01\/byrjendahekl_Asta-1024x1024.jpg 1024w, https:\/\/punkturinn.akureyri.is\/wp-content\/uploads\/2017\/01\/byrjendahekl_Asta.jpg 1800w\" sizes=\"(max-width: 300px) 100vw, 300px\" \/><\/a><\/p>\n<p>Byrjendahekl n\u00e1mskei\u00f0i\u00f0 byrjar 1. febr\u00faar (mi\u00f0vikudaginn \u00ed n\u00e6stu viku). Kennt skref fyrir skref og \u00fatb\u00fain mappa me\u00f0 litlum prufum sem au\u00f0velda \u00e1framhaldandi i\u00f0kun eftir n\u00e1mskei\u00f0i\u00f0. N\u00e1mskei\u00f0i\u00f0 er 1,8 og 15. feb kl: 10:30-13.<\/p>\n<p>Skr\u00e1ning: <a href=\"https:\/\/rosenborg.felog.is\/\" target=\"_blank\" rel=\"nofollow\"><u><span style=\"color: #0066cc;\">https:\/\/rosenborg.felog.is\/<\/span><\/u><\/a><\/p>\n<p><u><\/u><u><a href=\"https:\/\/punkturinn.akureyri.is\/wp-content\/uploads\/2017\/01\/byrjendahekl_Asta.jpg\"><br \/>\n<\/a><\/u><\/p>\n","protected":false},"excerpt":{"rendered":"<p>Byrjendahekl n\u00e1mskei\u00f0i\u00f0 byrjar 1. febr\u00faar (mi\u00f0vikudaginn \u00ed n\u00e6stu viku). Kennt skref fyrir skref og \u00fatb\u00fain mappa me\u00f0 litlum prufum sem au\u00f0velda \u00e1framhaldandi i\u00f0kun eftir n\u00e1mskei\u00f0i\u00f0. N\u00e1mskei\u00f0i\u00f0 er 1,8 og 15. feb kl: 10:30-13. Skr\u00e1ning: https:\/\/rosenborg.felog.is\/<\/p>\n","protected":false},"author":1,"featured_media":0,"comment_status":"closed","ping_status":"open","sticky":false,"template":"","format":"standard","meta":[],"categories":[1],"tags":[],"_links":{"self":[{"href":"https:\/\/punkturinn.akureyri.is\/index.php\/wp-json\/wp\/v2\/posts\/205"}],"collection":[{"href":"https:\/\/punkturinn.akureyri.is\/index.php\/wp-json\/wp\/v2\/posts"}],"about":[{"href":"https:\/\/punkturinn.akureyri.is\/index.php\/wp-json\/wp\/v2\/types\/post"}],"author":[{"embeddable":true,"href":"https:\/\/punkturinn.akureyri.is\/index.php\/wp-json\/wp\/v2\/users\/1"}],"replies":[{"embeddable":true,"href":"https:\/\/punkturinn.akureyri.is\/index.php\/wp-json\/wp\/v2\/comments?post=205"}],"version-history":[{"count":1,"href":"https:\/\/punkturinn.akureyri.is\/index.php\/wp-json\/wp\/v2\/posts\/205\/revisions"}],"predecessor-version":[{"id":207,"href":"https:\/\/punkturinn.akureyri.is\/index.php\/wp-json\/wp\/v2\/posts\/205\/revisions\/207"}],"wp:attachment":[{"href":"https:\/\/punkturinn.akureyri.is\/index.php\/wp-json\/wp\/v2\/media?parent=205"}],"wp:term":[{"taxonomy":"category","embeddable":true,"href":"https:\/\/punkturinn.akureyri.is\/index.php\/wp-json\/wp\/v2\/categories?post=205"},{"taxonomy":"post_tag","embeddable":true,"href":"https:\/\/punkturinn.akureyri.is\/index.php\/wp-json\/wp\/v2\/tags?post=205"}],"curies":[{"name":"wp","href":"https:\/\/api.w.org\/{rel}","templated":true}]}}