{"id":161,"date":"2016-05-09T19:49:16","date_gmt":"2016-05-09T19:49:16","guid":{"rendered":"https:\/\/punkturinn.akureyri.is\/?p=161"},"modified":"2016-05-09T19:49:16","modified_gmt":"2016-05-09T19:49:16","slug":"opnunartimi-punktsins-i-mai","status":"publish","type":"post","link":"https:\/\/punkturinn.akureyri.is\/index.php\/2016\/05\/09\/opnunartimi-punktsins-i-mai\/","title":{"rendered":"Opnunart\u00edmi Punktsins \u00ed ma\u00ed."},"content":{"rendered":"<p>9. ma\u00ed 13-22<br \/>\n10.-12. ma\u00ed 9-17<br \/>\n13. ma\u00ed 9-12<br \/>\n17.-19. ma\u00ed 9-17<span class=\"text_exposed_hide\">&#8230;<\/span><span class=\"text_exposed_show\"><br \/>\n<strong>20.- 25. ma\u00ed loka\u00f0 vegna <\/strong><br \/>\n<strong> handverkss\u00fdningar og starfsdags<\/strong><br \/>\n26. ma\u00ed 9-17<br \/>\n27. ma\u00ed 9-12<br \/>\n30. og 31. ma\u00ed 9-17<\/span><\/p>\n<p>Veri\u00f0 velkomin \ud83d\ude42<\/p>\n","protected":false},"excerpt":{"rendered":"<p>9. ma\u00ed 13-22 10.-12. ma\u00ed 9-17 13. ma\u00ed 9-12 17.-19. ma\u00ed 9-17&#8230; 20.- 25. ma\u00ed loka\u00f0 vegna handverkss\u00fdningar og starfsdags 26. ma\u00ed 9-17 27. ma\u00ed 9-12 30. og 31. ma\u00ed 9-17 Veri\u00f0 velkomin \ud83d\ude42<\/p>\n","protected":false},"author":1,"featured_media":0,"comment_status":"closed","ping_status":"open","sticky":false,"template":"","format":"standard","meta":[],"categories":[1],"tags":[],"_links":{"self":[{"href":"https:\/\/punkturinn.akureyri.is\/index.php\/wp-json\/wp\/v2\/posts\/161"}],"collection":[{"href":"https:\/\/punkturinn.akureyri.is\/index.php\/wp-json\/wp\/v2\/posts"}],"about":[{"href":"https:\/\/punkturinn.akureyri.is\/index.php\/wp-json\/wp\/v2\/types\/post"}],"author":[{"embeddable":true,"href":"https:\/\/punkturinn.akureyri.is\/index.php\/wp-json\/wp\/v2\/users\/1"}],"replies":[{"embeddable":true,"href":"https:\/\/punkturinn.akureyri.is\/index.php\/wp-json\/wp\/v2\/comments?post=161"}],"version-history":[{"count":3,"href":"https:\/\/punkturinn.akureyri.is\/index.php\/wp-json\/wp\/v2\/posts\/161\/revisions"}],"predecessor-version":[{"id":164,"href":"https:\/\/punkturinn.akureyri.is\/index.php\/wp-json\/wp\/v2\/posts\/161\/revisions\/164"}],"wp:attachment":[{"href":"https:\/\/punkturinn.akureyri.is\/index.php\/wp-json\/wp\/v2\/media?parent=161"}],"wp:term":[{"taxonomy":"category","embeddable":true,"href":"https:\/\/punkturinn.akureyri.is\/index.php\/wp-json\/wp\/v2\/categories?post=161"},{"taxonomy":"post_tag","embeddable":true,"href":"https:\/\/punkturinn.akureyri.is\/index.php\/wp-json\/wp\/v2\/tags?post=161"}],"curies":[{"name":"wp","href":"https:\/\/api.w.org\/{rel}","templated":true}]}}